{"id":1267,"date":"2021-11-01T08:24:16","date_gmt":"2021-11-01T07:24:16","guid":{"rendered":"https:\/\/somethingpolyglot.com\/myblog\/?p=1267"},"modified":"2021-11-30T21:04:05","modified_gmt":"2021-11-30T20:04:05","slug":"danishchallengenovember2021","status":"publish","type":"post","link":"https:\/\/somethingpolyglot.com\/myblog\/2021\/11\/01\/danishchallengenovember2021\/","title":{"rendered":"November challenge: 200 words in Danish"},"content":{"rendered":"<div class=\"flex_column av_one_fifth  flex_column_div av-zero-column-padding first  avia-builder-el-0  el_before_av_three_fifth  avia-builder-el-first  \" style='border-radius:0px; '><\/div>\n<div class=\"flex_column av_three_fifth  flex_column_div av-zero-column-padding   avia-builder-el-1  el_after_av_one_fifth  el_before_av_one_fifth  \" style='border-radius:0px; '><div  style='padding-bottom:10px; ' class='av-special-heading av-special-heading-h2    avia-builder-el-2  avia-builder-el-no-sibling  '><h2 class='av-special-heading-tag '  itemprop=\"headline\"  >November challenge: 200 words in Danish<\/h2><div class='special-heading-border'><div class='special-heading-inner-border' ><\/div><\/div><\/div><\/div>\n<div class=\"flex_column av_one_fifth  flex_column_div av-zero-column-padding   avia-builder-el-3  el_after_av_three_fifth  el_before_av_one_fifth  \" style='border-radius:0px; '><\/div>\n<div class=\"flex_column av_one_fifth  flex_column_div av-zero-column-padding first  avia-builder-el-4  el_after_av_one_fifth  el_before_av_three_fifth  column-top-margin\" style='border-radius:0px; '><\/div>\n<div class=\"flex_column av_three_fifth  flex_column_div av-zero-column-padding   avia-builder-el-5  el_after_av_one_fifth  el_before_av_one_fifth  column-top-margin\" style='border-radius:0px; '><section class=\"av_textblock_section \"  itemscope=\"itemscope\" itemtype=\"https:\/\/schema.org\/BlogPosting\" itemprop=\"blogPost\" ><div class='avia_textblock  '   itemprop=\"text\" ><p style=\"text-align: justify;\"><b><span data-contrast=\"auto\">Mandag den 1. november<\/span><\/b><span data-ccp-props=\"{\"201341983\":0,\"335551550\":1,\"335551620\":1,\"335559739\":160,\"335559740\":259}\">\u00a0<\/span><\/p>\n<p style=\"text-align: justify;\"><span data-contrast=\"auto\">Hej, mit navn er Kenny. Jeg er belgier og jeg er syvogtredive \u00e5r gammel. Jeg er fra Belgien, men siden 2016 bor jeg i Spanien. In 2016 har vi, min mand og jeg, her k\u00f8bt en lejlighed i Madrid. I 2015 giftede jeg min italienske k\u00e6reste in Belgien.\u00a0 Fra 2012 indtil 2016 boede vi i Gent, en by i Flandern, regionen hvor man taler hollandsk \/ flamsk. Men jeg har m\u00f8dt min mand i Italien. I fjorten september 2009 forlod jeg Belgien, fordi jeg startede at arbejdede som frivillig for SOS B\u00f8rnebyerne. Der har jeg arbejdede f\u00f8rst fire m\u00e5neder som frivillig, men senere et\u00a0\u00e5r som\u00a0p\u00e6dagog. Det var virkeligt et sv\u00e6rt arbejde. I januar 2011 flyttede jeg til Rom, hvor jeg arbejdede som l\u00e6rer engelsk o lidt fransk og der har jeg n\u00e6ste\u00a0med det samme m\u00f8dt min k\u00e6reste, nu min mand. Vores familie nu er ikke kun min mand og jeg. Vi har to ogs\u00e5\u00a0to hunde. For dem har vi k\u00f8bt ogs\u00e5 et virkeligt lille hus med en have 45 minutter\u00a0fra Madrid. F\u00f8r pandemien tog vi hver weekenden dertil, men nu er vi der n\u00e6ste hver dag fordi vi arbejder\u00a0begge\u00a0hjemmefra.<\/span><span data-ccp-props=\"{\"201341983\":0,\"335551550\":6,\"335551620\":6,\"335559739\":160,\"335559740\":259}\">\u00a0<\/span><\/p>\n<\/div><\/section><\/div>\n<div class=\"flex_column av_one_fifth  flex_column_div av-zero-column-padding   avia-builder-el-7  el_after_av_three_fifth  el_before_av_hr  column-top-margin\" style='border-radius:0px; '><\/div>\n<div   class='hr hr-default   avia-builder-el-8  el_after_av_one_fifth  el_before_av_one_fifth '><span class='hr-inner ' ><span class='hr-inner-style'><\/span><\/span><\/div>\n<div class=\"flex_column av_one_fifth  flex_column_div av-zero-column-padding first  avia-builder-el-9  el_after_av_hr  el_before_av_three_fifth  \" style='border-radius:0px; '><\/div>\n<div class=\"flex_column av_three_fifth  flex_column_div av-zero-column-padding   avia-builder-el-10  el_after_av_one_fifth  el_before_av_one_fifth  \" style='border-radius:0px; '><section class=\"av_textblock_section \"  itemscope=\"itemscope\" itemtype=\"https:\/\/schema.org\/BlogPosting\" itemprop=\"blogPost\" ><div class='avia_textblock  '   itemprop=\"text\" ><p style=\"text-align: justify;\"><strong>Tirsdag den 2. november<\/strong><\/p>\n<p style=\"text-align: justify;\">I dag havde jeg mange lektioner og jeg er meget tr\u00e6t nu. Normalt arbejder jeg kun fem timer hver dag, man i dag havde jeg mere end seks timer. En studerende som jeg kan godt lide havde mig spurgt hvis jeg kunne giver ham en extra italiensk lektion. Og derfor skriver jeg denne tekst kun nu, n\u00e6sten klokken ni. Jeg er t\u00e6t men det er ok fordi jeg elsker mit arbejde. I dag var en god dag fordi jeg har undervist tre forskellige sprog: hollandsk, engelsk og italiensk. Jeg underviser ogs\u00e5 fransk men i dag havde jeg ikke en fransk lektion. Normalt underviser jeg is\u00e6r hollandsk og flamsk, mit modersm\u00e5l. Jeg kan godt lide underviser forskellige sprog men det er ikke allerede nemt. Jeg har ogs\u00e5 haft en danske lektion med en af mine danske l\u00e6rere. Det er allerede sv\u00e6rt at tale en hele time pa dansk, fordi dansk er en sv\u00e6rt sprog, is\u00e6r udtale. Jeg kan nu taler lidt dansk, men at forst\u00e5 mennesker der taler dansk er sv\u00e6rt. Jeg kan ikke se en dansk video uden underteksten og ogs\u00e5 med undertekster pa dansk er det sv\u00e6rt. Mange gange har jeg brug for undertekster pa engelsk.<\/p>\n<\/div><\/section><\/div>\n<div class=\"flex_column av_one_fifth  flex_column_div av-zero-column-padding   avia-builder-el-12  el_after_av_three_fifth  el_before_av_hr  \" style='border-radius:0px; '><\/div>\n<div   class='hr hr-default   avia-builder-el-13  el_after_av_one_fifth  el_before_av_one_fifth '><span class='hr-inner ' ><span class='hr-inner-style'><\/span><\/span><\/div>\n<div class=\"flex_column av_one_fifth  flex_column_div av-zero-column-padding first  avia-builder-el-14  el_after_av_hr  el_before_av_three_fifth  \" style='border-radius:0px; '><\/div>\n<div class=\"flex_column av_three_fifth  flex_column_div av-zero-column-padding   avia-builder-el-15  el_after_av_one_fifth  el_before_av_one_fifth  \" style='border-radius:0px; '><section class=\"av_textblock_section \"  itemscope=\"itemscope\" itemtype=\"https:\/\/schema.org\/BlogPosting\" itemprop=\"blogPost\" ><div class='avia_textblock  '   itemprop=\"text\" ><p><strong>Onsdag den 3. november<\/strong><\/p>\n<p style=\"text-align: justify;\">Mit modersm\u00e5l er hollandsk fra Belgien, men mange mennesker bruger ogs\u00e5 ord flamsk. P\u00e5 skolen hedder sprog som man studerer hollandsk, men udtale er forskellig fra udtale fra Holland. Jeg er fra Flandern og der studerer vi Fransk som andet sprog. Da jeg var otte har jeg begynd med dette sprog. Fransk er ikke so nemt for os fordi det er sv\u00e6rt at skrive og ogs\u00e5 grammatik er sv\u00e6rt. Da jeg var ung s\u00e5 jeg hver l\u00f8rdag og s\u00f8ndag fransk fjernsynet fordi der var noget p\u00e5 flamsk fjernsynet for b\u00f8rne. Jeg tror at derfor fransk udtale var ikke so sv\u00e6rt for mig. Efter folkeskole talte jeg fransk men ikke so godt. Efter universitetet har jeg studeret mere fransk i 3 \u00e5r. Nu taler jeg godt fransk og jeg underviser det ogs\u00e5 lidt. \u00a0Jeg kan godt lide fransk, men italiensk er mit yndlingssprog. Jeg synes det er et smukt sprog og jeg elsker virkelig italiensk musik. Hver gange at jeg lytter til italiensk musik er jeg glad og t\u00e6nker jeg om \u00e5rerne nar jeg boede i Italien. Jeg har boede i Italien i 3 \u00e5r. F\u00f8rst i Vicenza, en by i norden Italien, bagefter i hovedstaden Rome.<\/p>\n<\/div><\/section><\/div>\n<div class=\"flex_column av_one_fifth  flex_column_div av-zero-column-padding   avia-builder-el-17  el_after_av_three_fifth  el_before_av_hr  \" style='border-radius:0px; '><\/div>\n<div   class='hr hr-default   avia-builder-el-18  el_after_av_one_fifth  el_before_av_one_fifth '><span class='hr-inner ' ><span class='hr-inner-style'><\/span><\/span><\/div>\n<div class=\"flex_column av_one_fifth  flex_column_div av-zero-column-padding first  avia-builder-el-19  el_after_av_hr  el_before_av_three_fifth  \" style='border-radius:0px; '><\/div>\n<div class=\"flex_column av_three_fifth  flex_column_div av-zero-column-padding   avia-builder-el-20  el_after_av_one_fifth  el_before_av_one_fifth  \" style='border-radius:0px; '><section class=\"av_textblock_section \"  itemscope=\"itemscope\" itemtype=\"https:\/\/schema.org\/BlogPosting\" itemprop=\"blogPost\" ><div class='avia_textblock  '   itemprop=\"text\" ><p style=\"text-align: justify;\"><strong>L\u00f8rdag den 4. november<\/strong><\/p>\n<p style=\"text-align: justify;\">F\u00f8r Corona pandemien arbejdede jeg som l\u00e6rer pa en sprogskole men jeg har mistet mit arbejde en m\u00e5ned f\u00f8r lockdown her i Spanien.\u00a0 I l\u00f8bet af lockdown var det meget sv\u00e6rt at finde et nyt arbejde og derfor havde jeg ogs\u00e5 mange fritid. Min mand s\u00e5 mig jeg kunne min fritid bruge at l\u00e6re et sprog. F\u00f8rst har jeg begyndt at l\u00e6re igen portugisisk. Jeg havde l\u00e6rt det i ti ar siden. Bagefter har jeg begyndt med catalansk og dansk. Jeg valgte catalansk fordi jeg bor i Spanien og jeg ville kende et andet sprog der man taler i dette land men jeg ville ogs\u00e5 have et sprog der var ikke so sv\u00e6rt for mig. Jeg taler allerede fransk, italiensk og spansk og derfor er catalansk ikke s\u00e5 sv\u00e6rt for mig. Dansk er sv\u00e6rere fordi det er mit f\u00f8rste skandinaviske sprog og udtale er meget sv\u00e6rt. Jeg studerer dansk fordi jeg kan godt lide danske fjernsynet serie Borgen og jeg vil gerne se det uden underteksten. Jeg har set det det i dansk men med hollandske og franske underteksten, men n\u00e6ste gange vil jeg gerne se det i dansk og jeg h\u00e5ber at g\u00f8re det i n\u00e6ste \u00e5r.<\/p>\n<\/div><\/section><\/div>\n<div class=\"flex_column av_one_fifth  flex_column_div av-zero-column-padding   avia-builder-el-22  el_after_av_three_fifth  el_before_av_hr  \" style='border-radius:0px; '><\/div>\n<div   class='hr hr-default   avia-builder-el-23  el_after_av_one_fifth  el_before_av_one_fifth '><span class='hr-inner ' ><span class='hr-inner-style'><\/span><\/span><\/div>\n<div class=\"flex_column av_one_fifth  flex_column_div av-zero-column-padding first  avia-builder-el-24  el_after_av_hr  el_before_av_three_fifth  \" style='border-radius:0px; '><\/div>\n<div class=\"flex_column av_three_fifth  flex_column_div av-zero-column-padding   avia-builder-el-25  el_after_av_one_fifth  el_before_av_one_fifth  \" style='border-radius:0px; '><section class=\"av_textblock_section \"  itemscope=\"itemscope\" itemtype=\"https:\/\/schema.org\/BlogPosting\" itemprop=\"blogPost\" ><div class='avia_textblock  '   itemprop=\"text\" ><p style=\"text-align: justify;\"><strong>Fredag den 5. november<\/strong><\/p>\n<p style=\"text-align: justify;\">Jeg har studeret politiske videnskaber i Gent og journalistik i Bryssels, men jeg har aldrig arbejdet som politolog eller journalist. Da jeg var atten \u00e5r gammel ville jeg ikke godt hvad jeg ville studere og jeg har valgt noget der s\u00e5 interessant ud. Jeg havde haft meget matematik pa folkeskolen og jeg ville ikke studere noget med matematik eller andre eksakte videnskaber. I l\u00f8bet at mine studier har jeg arbejdet i en biograf og efter universitetet kunne jeg der blive og jeg har blevet der i to \u00e5r. Der var fedt, men jeg blev n\u00f8dt til at arbejde hver dag indtil meget sent. Jeg har mere energi om morgenen og efter to \u00e5r ville jeg have et arbejde hvor jeg ikke blev n\u00f8dt til at arbejde indtil efter midnat. Jeg fandt et arbejde til den flamske offentlige administration, men jeg kunne ikke lide det og jeg besluttede at tage af sted til Italien hvor jeg har arbejdet som frivillig for SOS B\u00f8rnebyerne i Vicenza, en by i norden fra Italien. Det var meget sv\u00e6rt men jeg har l\u00e6rt mange tinge der, men efter femten m\u00e5neder besluttede jeg at tage af sted til Rome for et nyt eventyr.<\/p>\n<\/div><\/section><\/div>\n<div class=\"flex_column av_one_fifth  flex_column_div av-zero-column-padding   avia-builder-el-27  el_after_av_three_fifth  el_before_av_hr  \" style='border-radius:0px; '><\/div>\n<div   class='hr hr-default   avia-builder-el-28  el_after_av_one_fifth  el_before_av_one_fifth '><span class='hr-inner ' ><span class='hr-inner-style'><\/span><\/span><\/div>\n<div class=\"flex_column av_one_fifth  flex_column_div av-zero-column-padding first  avia-builder-el-29  el_after_av_hr  el_before_av_three_fifth  \" style='border-radius:0px; '><\/div>\n<div class=\"flex_column av_three_fifth  flex_column_div av-zero-column-padding   avia-builder-el-30  el_after_av_one_fifth  el_before_av_one_fifth  \" style='border-radius:0px; '><section class=\"av_textblock_section \"  itemscope=\"itemscope\" itemtype=\"https:\/\/schema.org\/BlogPosting\" itemprop=\"blogPost\" ><div class='avia_textblock  '   itemprop=\"text\" ><p><strong>L\u00f8rdag den 6. november<\/strong><\/p>\n<p style=\"text-align: justify;\">I 2016 har vi k\u00f8bt en lejlighed i Madrid f\u00f8r os lyttede til Spanien. Det var vores stor eventyr. Det var virkelig fantastisk at live i en stor by. Jeg kunne godt lide det men i 2019 har min mand spurgt mig hvis vi kunne adoptere en hund. \u00a0Jeg havde aldrig haft en hund og det var ikke so nemt at sige ja. Heldigvis har vi en stor park n\u00e6r vores lejlighed. En weekend har vi lejet et lille hus i n\u00e6rheden af Madrid. Huset havde en have og Rubi, vores hund, var meget glad. Efter denne weekend har vi besluttet at det var en god id\u00e9 at have vores eje hus med en have. Vi har bes\u00f8gt tre huse og den tredje hus var ikke so fantastisk men haven var smuk og vi ville k\u00f8be det. Desv\u00e6rre var det ikke s\u00e5 nemt at f\u00e5 et realkreditl\u00e5n fordi jeg havde ikke en god arbejdekontrakt men efter fem m\u00e5neder fik vi det. \u00a0Da Corona begyndte var vi meget glad fordi i Spanien var det forbudt at g\u00e5r udenfor fra februar indtil juni men vi havde vores have og ogs\u00e5 en anden hund fordi vi havde adopteret \u00d3scar loge f\u00f8r jul.<\/p>\n<\/div><\/section><\/div>\n<div class=\"flex_column av_one_fifth  flex_column_div av-zero-column-padding   avia-builder-el-32  el_after_av_three_fifth  el_before_av_hr  \" style='border-radius:0px; '><\/div>\n<div   class='hr hr-default   avia-builder-el-33  el_after_av_one_fifth  el_before_av_one_fifth '><span class='hr-inner ' ><span class='hr-inner-style'><\/span><\/span><\/div>\n<div class=\"flex_column av_one_fifth  flex_column_div av-zero-column-padding first  avia-builder-el-34  el_after_av_hr  el_before_av_three_fifth  \" style='border-radius:0px; '><\/div>\n<div class=\"flex_column av_three_fifth  flex_column_div av-zero-column-padding   avia-builder-el-35  el_after_av_one_fifth  el_before_av_one_fifth  \" style='border-radius:0px; '><section class=\"av_textblock_section \"  itemscope=\"itemscope\" itemtype=\"https:\/\/schema.org\/BlogPosting\" itemprop=\"blogPost\" ><div class='avia_textblock  '   itemprop=\"text\" ><p style=\"text-align: justify;\"><strong>S\u00f8ndag den 7. november<\/strong><\/p>\n<p style=\"text-align: justify;\">Samme med dansk har jeg ogs\u00e5 begynder med catalansk at studere. Dansk er meget sv\u00e6rt, is\u00e6r dets udtale, og jeg ville gerne studere ogs\u00e5 et sprog der er lidt nemmere for mig. Jeg taler fransk, italiensk og spansk og derfor er catalansk ikke so sv\u00e6rt. Heldigvis var catalansk p\u00e5 Duolingo, en app, og har Assimil en bog at l\u00e6re dette sprog. Jeg bruger altid b\u00f8gerne fra Assimil fordi man kan l\u00e6re hver dag en lektion i femten minutterne. Efter kun en m\u00e5ned kunne jeg allerede forst\u00e5 mange tinge og kunne jeg lytter til radioen. Efter tre m\u00e5neder har jeg begyndt med lektioner p\u00e5 Italki og med det samme har jeg fundet en meget god l\u00e6rer. Vi har haft tredive lektioner nu og jeg tror at jeg har nu en niveau B2 men jeg vil ikke stoppe nu. Jeg kan virkelig godt lide sproget. Der er en meget fed TV-serie, der hedder \u201dMerl\u00ed\u201d, men jeg har kun set kun f\u00f8rste s\u00e6son af serien, fordi jeg har ikke meget tid at se fjernsyn og jeg fortr\u00e6kker at lytter til radioen eller podcasten men jeg vil gerne se die andre s\u00e6soner is\u00e6r fordi jeg kan se serien uden underteksten.<\/p>\n<\/div><\/section><\/div>\n<div class=\"flex_column av_one_fifth  flex_column_div av-zero-column-padding   avia-builder-el-37  el_after_av_three_fifth  el_before_av_hr  \" style='border-radius:0px; '><\/div>\n<div   class='hr hr-default   avia-builder-el-38  el_after_av_one_fifth  el_before_av_one_fifth '><span class='hr-inner ' ><span class='hr-inner-style'><\/span><\/span><\/div>\n<div class=\"flex_column av_one_fifth  flex_column_div av-zero-column-padding first  avia-builder-el-39  el_after_av_hr  el_before_av_three_fifth  \" style='border-radius:0px; '><\/div>\n<div class=\"flex_column av_three_fifth  flex_column_div av-zero-column-padding   avia-builder-el-40  el_after_av_one_fifth  el_before_av_one_fifth  \" style='border-radius:0px; '><section class=\"av_textblock_section \"  itemscope=\"itemscope\" itemtype=\"https:\/\/schema.org\/BlogPosting\" itemprop=\"blogPost\" ><div class='avia_textblock  '   itemprop=\"text\" ><p style=\"text-align: justify;\"><strong>Tirsdag den 9. november<\/strong><\/p>\n<p style=\"text-align: justify;\">I g\u00e5r har jeg ikke skrift. Jeg har haft mange lektioner. Om mandagen og om tirsdagen har jeg altid flere lektioner end de andre dage. Normalt arbejder jeg hver dag indtil klokken 9 om aftenen, men i g\u00e5r havde jeg en lektion klokken 9. Jeg var for tr\u00e6t at skrive noget pa dansk, men det er ok. Jeg skal skrive de andre dagen fra denne m\u00e5ned. Det er ikke et problem hvis jeg misser en og flere dage. Ogs\u00e5 fordi det er ikke so nemt at skrive noget fordi ikke hver dag sker noget interessant. Pa eksempel, i dag har jeg ikke gjort mange tinge. Jeg har haft 6 forskellige lektioner og ogs\u00e5 en catalansk lektion. I morgen skal jeg have 6 forskellige lektioner og ogs\u00e5 en \u2026. dansk lektion. Jeg pr\u00f8ver at have hver uge en catalansk, dansk og afrikansk lektion fordi jeg tror at det er den bedste made at forbedre mine sprog. Problemet er at jeg studerer mange sprog og jeg har ikke tid at havde flere lektioner. Jeg har hver uge allerede tredive timer p\u00e5 Italki og det er ikke so godt at sidde ved en computer mange timer hver dag men jeg kan godt lide mit arbejde og jeg elsker mine lektioner som studerende.<\/p>\n<\/div><\/section><\/div>\n<div class=\"flex_column av_one_fifth  flex_column_div av-zero-column-padding   avia-builder-el-42  el_after_av_three_fifth  el_before_av_hr  \" style='border-radius:0px; '><\/div>\n<div   class='hr hr-default   avia-builder-el-43  el_after_av_one_fifth  el_before_av_one_fifth '><span class='hr-inner ' ><span class='hr-inner-style'><\/span><\/span><\/div>\n<div class=\"flex_column av_one_fifth  flex_column_div av-zero-column-padding first  avia-builder-el-44  el_after_av_hr  el_before_av_three_fifth  \" style='border-radius:0px; '><\/div>\n<div class=\"flex_column av_three_fifth  flex_column_div av-zero-column-padding   avia-builder-el-45  el_after_av_one_fifth  el_before_av_one_fifth  \" style='border-radius:0px; '><section class=\"av_textblock_section \"  itemscope=\"itemscope\" itemtype=\"https:\/\/schema.org\/BlogPosting\" itemprop=\"blogPost\" ><div class='avia_textblock  '   itemprop=\"text\" ><p><strong>Onsdag den 10. november<\/strong><\/p>\n<p style=\"text-align: justify;\">Jeg arbejder hjemmefra og jeg kan virkelig godt lide det. F\u00f8r Corona blev jeg n\u00f8dt til at tage metroen fra mandag indtil tirsdag at g\u00e5r til sprogskolen hvor jeg arbejdede. Det var ikke i n\u00e6rheden fra min lejlighed og hver dag var det mere end tres minutter p\u00e5 metroen. Det var lidt godt fordi jeg brugte denne tid at l\u00e6se og nu l\u00e6ser jeg meget mindre. En af de store fordele er at jeg kan bruge mere tid med min mand og mine to hundene. En andre fordel er at jeg kan forberede mine lektioner lige f\u00f8r de begynder. Jeg har nu ogs\u00e5 flere lektioner uden forberedelse. Mine studerende er ogs\u00e5 mere motiverede end da jeg arbejdede p\u00e5 sprogskolen. Der havde jeg mange b\u00f8rn og det blev n\u00f8dt til at studere engelsk eller fransk fordi deres for\u00e6ldre ville at de studerer mere disse sprog. Nu har jeg n\u00e6sten kun voksne der vil l\u00e6re flamsk eller hollandsk fordi de bor i Belgien eller Holland. \u00a0Jeg fortr\u00e6kker ogs\u00e5 at underviser en person og ikke en klasse. Det er bedre for mig fordi jeg er en introvert. Som underviser er det ogs\u00e5 nemmere at hj\u00e6lpe en person og denne person g\u00e5r hurtigere frem.<\/p>\n<\/div><\/section><\/div>\n<div class=\"flex_column av_one_fifth  flex_column_div av-zero-column-padding   avia-builder-el-47  el_after_av_three_fifth  el_before_av_hr  \" style='border-radius:0px; '><\/div>\n<div   class='hr hr-default   avia-builder-el-48  el_after_av_one_fifth  el_before_av_one_fifth '><span class='hr-inner ' ><span class='hr-inner-style'><\/span><\/span><\/div>\n<div class=\"flex_column av_one_fifth  flex_column_div av-zero-column-padding first  avia-builder-el-49  el_after_av_hr  el_before_av_three_fifth  \" style='border-radius:0px; '><\/div>\n<div class=\"flex_column av_three_fifth  flex_column_div av-zero-column-padding   avia-builder-el-50  el_after_av_one_fifth  el_before_av_one_fifth  \" style='border-radius:0px; '><section class=\"av_textblock_section \"  itemscope=\"itemscope\" itemtype=\"https:\/\/schema.org\/BlogPosting\" itemprop=\"blogPost\" ><div class='avia_textblock  '   itemprop=\"text\" ><p><strong>Fredag den 12. november<\/strong><\/p>\n<p style=\"text-align: justify;\">Ogs\u00e5 i g\u00e5r har jeg ikke skrift fordi det var min f\u00f8dselsdag og jeg havde reserveret tre lektioner som studerende: en lektion p\u00e5 catalansk, en p\u00e5 afrikaans og en p\u00e5 dansk. Min mand blev n\u00f8dt til at tage til sit arbejde og derfor kunne os ikke gore nogle samme i l\u00f8bet af dagen. Jeg havde reserveret tre lektioner fordi normalt har jeg ikke mange lektioner p\u00e5 tirsdag men jeg har haft seks lektioner som underviser. Samme med mine lektioner som studerer var det lidt for meget og efter min sidste lektion var jeg meget tr\u00e6t ogs\u00e5 fordi jeg havde ikke sovet godt. I fremtiden vil jeg kun reservere en lektion p\u00e5 dagen. Mine underviser giver mig energi men jeg tror det er bedre at har kun en lektion og at har mere tid at lave andre ting ligesom sport og slappe af. Problemet er at kun en lektion giver mig mulighed at fokusere p\u00e5 et sprog. Nar jeg studerer, kan jeg ikke fokusere mig mere end tredive minutter. Hvis jeg havde mere tid og flere penge, ville jeg reservere flere lektioner. I 2022 vil jeg fokusere mig ogs\u00e5 p\u00e5 et nyt sprog: gr\u00e6s. Jeg har allerede k\u00f8bt b\u00f8ger.<\/p>\n<\/div><\/section><\/div>\n<div class=\"flex_column av_one_fifth  flex_column_div av-zero-column-padding   avia-builder-el-52  el_after_av_three_fifth  el_before_av_hr  \" style='border-radius:0px; '><\/div>\n<div   class='hr hr-default   avia-builder-el-53  el_after_av_one_fifth  el_before_av_one_fifth '><span class='hr-inner ' ><span class='hr-inner-style'><\/span><\/span><\/div>\n<div class=\"flex_column av_one_fifth  flex_column_div av-zero-column-padding first  avia-builder-el-54  el_after_av_hr  el_before_av_three_fifth  \" style='border-radius:0px; '><\/div>\n<div class=\"flex_column av_three_fifth  flex_column_div av-zero-column-padding   avia-builder-el-55  el_after_av_one_fifth  el_before_av_one_fifth  \" style='border-radius:0px; '><section class=\"av_textblock_section \"  itemscope=\"itemscope\" itemtype=\"https:\/\/schema.org\/BlogPosting\" itemprop=\"blogPost\" ><div class='avia_textblock  '   itemprop=\"text\" ><p><strong>S\u00f8ndag den 14. november<\/strong><\/p>\n<p style=\"text-align: justify;\">Den f\u00f8rste bog der jeg altid l\u00e6ser n\u00e5r jeg begynder med et nyt sprog er Den Lille Prins. Det er en kort bog og det er ikke s\u00e5 sv\u00e6rt. Kapitlerne er ogs\u00e5 ikke so lange og man kan p\u00e5 eksempel kun l\u00e6se et kapitel om dagen. Denne bog et skrevet for vokserne og b\u00f8rn og derfor er det ikke so sv\u00e6rt. Det handler om en lille prins der bes\u00f8ger vores verden og han taler med en pilot der har haft problemer med sin fly. Prinsen kender vores planet ikke og sp\u00f8rger piloten mange tinge. Takket v\u00e6re disse sp\u00f8rgsm\u00e5l piloten l\u00e6re mange tinge om livet. Jeg har l\u00e6st denne bog i forskellige sprog og hver gang opdager jeg noget nyt. For et par m\u00e5neder siden har jeg pr\u00f8vet at l\u00e6se bogen i dansk men det var for sv\u00e6rt. Danske udtale er sv\u00e6rt og n\u00e5r jeg l\u00e6ser vil jeg gerne ved hvordan jeg skal udtale en ord. I to tusinde toogtyve vil jeg pr\u00f8ve igen fordi nu taler jeg bedre dansk og maske er det nu muligt at l\u00e6se Den Lille Prins. Bagefter vil jeg gerne l\u00e6se en bog at jeg allerede har l\u00e6st i et andre sprog fordi det er nemmere at l\u00e6se en bog i en andre sprog n\u00e5r du kender historien.<\/p>\n<\/div><\/section><\/div>\n<div class=\"flex_column av_one_fifth  flex_column_div av-zero-column-padding   avia-builder-el-57  el_after_av_three_fifth  el_before_av_hr  \" style='border-radius:0px; '><\/div>\n<div   class='hr hr-default   avia-builder-el-58  el_after_av_one_fifth  el_before_av_one_fifth '><span class='hr-inner ' ><span class='hr-inner-style'><\/span><\/span><\/div>\n<div class=\"flex_column av_one_fifth  flex_column_div av-zero-column-padding first  avia-builder-el-59  el_after_av_hr  el_before_av_three_fifth  \" style='border-radius:0px; '><\/div>\n<div class=\"flex_column av_three_fifth  flex_column_div av-zero-column-padding   avia-builder-el-60  el_after_av_one_fifth  el_before_av_one_fifth  \" style='border-radius:0px; '><section class=\"av_textblock_section \"  itemscope=\"itemscope\" itemtype=\"https:\/\/schema.org\/BlogPosting\" itemprop=\"blogPost\" ><div class='avia_textblock  '   itemprop=\"text\" ><p style=\"text-align: justify;\"><strong>Mandag den 15. november<\/strong><\/p>\n<p style=\"text-align: justify;\">Jeg kommer fra Belgien. Det er et lille land i Europa men vi har 3 sprog: hollandsk, fransk o tysk. I Flandern har vi alle otte eller ni \u00e5r Fransk p\u00e5 skolen. Alle snakker i det mindste lidt fransk. Mange mennesker taler bedre engelsk fordi p\u00e5 fjernsynet alle serier og film er i original version med underteksten. Mange flamske sangere synger p\u00e5 engelsk. Engelsk er ogs\u00e5 nemmere for flamske fordi det er ligesom engelsk. I Vallonien ellever og for\u00e6ldre kan v\u00e6lge hvilket er det f\u00f8rste fremmedsprog. Mange v\u00e6lger engelsk og begynder kun n\u00e5r de er tolv \u00e5r gammel og bagefter, n\u00e5r de har femten, begynder de med hollandsk. Problemet er for mange arbejder i Belgien er det n\u00f8dvendigt at man taler engelsk, fransk og hollandsk; is\u00e6r for arbejdet i Bryssel. I Belgien taler man ogs\u00e5 tysk. Dette sprog taler men i en lille region n\u00e6r Tyskland. Denne region har kun firs tusinde indbyggerne. Der er en ny del fra Belgien fordi kun efter den f\u00f8rste verdenskrig har vi fik denne del. Ikke mange mennesker taler tysk i Belgien men det er ikke sv\u00e6rt at forst\u00e5 n\u00e5r du taler hollandsk. Jeg har ikke l\u00e6rt tysk pa skolen, men bagefter ja.<\/p>\n<\/div><\/section><\/div>\n<div class=\"flex_column av_one_fifth  flex_column_div av-zero-column-padding   avia-builder-el-62  el_after_av_three_fifth  el_before_av_hr  \" style='border-radius:0px; '><\/div>\n<div   class='hr hr-default   avia-builder-el-63  el_after_av_one_fifth  el_before_av_one_fifth '><span class='hr-inner ' ><span class='hr-inner-style'><\/span><\/span><\/div>\n<div class=\"flex_column av_one_fifth  flex_column_div av-zero-column-padding first  avia-builder-el-64  el_after_av_hr  el_before_av_three_fifth  \" style='border-radius:0px; '><\/div>\n<div class=\"flex_column av_three_fifth  flex_column_div av-zero-column-padding   avia-builder-el-65  el_after_av_one_fifth  el_before_av_one_fifth  \" style='border-radius:0px; '><section class=\"av_textblock_section \"  itemscope=\"itemscope\" itemtype=\"https:\/\/schema.org\/BlogPosting\" itemprop=\"blogPost\" ><div class='avia_textblock  '   itemprop=\"text\" ><p><strong>Tirsdag den 16. november<\/strong><\/p>\n<p style=\"text-align: justify;\">Jeg har en meget lille familie. Jeg har kun en bror. Han hedder Nick og han er femogtredve \u00e5r gammel. Han bor i Belgien i en lille by og han er gift og han har et barn, en pige der hedder Marielou. Hun er fem \u00e5r gammel. Jeg har ikke et godt forhold til ham og sidste gang at jeg har set ham var mere end for tre \u00e5r siden. Mine for\u00e6ldre har en lejlighed her i Spanien men de er fem timer fra os. Vi har set mine for\u00e6ldre kun to gange i sidste to \u00e5r. De bor i Belgien, men ofte er de her i Spanien i deres lejlighed fordi min far arbejder ikke og min mor er pensioneret. Mine bedstefor\u00e6ldre er allerede d\u00f8de; min far har ikke br\u00f8dre eller s\u00f8stre og min mor har kun en s\u00f8ster, min tante. Hun har tre b\u00f8rn, men jeg har ikke kontakt med dem. Jeg har ogs\u00e5 ikke kontakt mere med mine belgiske venner og derfor har jeg ikke lyst at ga til Belgien. Den sidste gang at jeg var i Belgien var for pandemien og det var i to tusinde og atten. Mine venner har b\u00f8rn nu og de rejser ikke so ofte. Madrid er ogs\u00e5 ikke popul\u00e6r som turistdestination.<\/p>\n<\/div><\/section><\/div>\n<div class=\"flex_column av_one_fifth  flex_column_div av-zero-column-padding   avia-builder-el-67  el_after_av_three_fifth  el_before_av_one_fifth  \" style='border-radius:0px; '><\/div>\n<div class=\"flex_column av_one_fifth  flex_column_div av-zero-column-padding first  avia-builder-el-68  el_after_av_one_fifth  el_before_av_three_fifth  column-top-margin\" style='border-radius:0px; '><\/div>\n<div class=\"flex_column av_three_fifth  flex_column_div av-zero-column-padding   avia-builder-el-69  el_after_av_one_fifth  el_before_av_one_fifth  column-top-margin\" style='border-radius:0px; '><section class=\"av_textblock_section \"  itemscope=\"itemscope\" itemtype=\"https:\/\/schema.org\/BlogPosting\" itemprop=\"blogPost\" ><div class='avia_textblock  '   itemprop=\"text\" ><p><strong>Fredag den 19. november<\/strong><\/p>\n<p style=\"text-align: justify;\">Jeg har ikke skrevet i g\u00e5r og i forg\u00e5rs fordi i forg\u00e5rs havde jeg mange lektioner og om middagen skulle vi g\u00e5 til vores hus i landskabet. I g\u00e5r var vi hele dagen i vores hus og vi har gjort mange tinge. Om natten skulle vi vender tilbage til Madrid og jeg var meget tr\u00e6t. I dag har jeg kun to lektioner og jeg har ogs\u00e5 haft i morgen en catalansk lektion. Jeg forst\u00e5r ikke hvorfor jeg har kun to lektioner i dag. Normalt har jeg fier, fem eller seks lektion n\u00e6sten hver dag. Det er ikke et problem fordi n\u00e5r jeg tjekker hvor mange timer jeg har denne uge er det ligesom de andre uger. I to tusinde toogtyve vil jeg gerne har mere fritid. Jeg vil pr\u00f8ve at har l\u00f8rdag morgen eller s\u00f8ndag morgen og eftermiddag fri. Jeg vil ogs\u00e5 gerne arbejde mindre fordi jeg vil have mere tid at studere lidt mine sprog men ogs\u00e5 vil jeg gerne l\u00e6se og studere b\u00f8ger om nederlandsk grammatik. I fortiden har jeg is\u00e6r engelsk underviser men nu er det mere interesse in nederlandsk. Det er meget interessent men jeg vil gerne studere lidt min modersm\u00e5l at v\u00e6re en bedre l\u00e6rer.<\/p>\n<\/div><\/section><\/div>\n<div class=\"flex_column av_one_fifth  flex_column_div av-zero-column-padding   avia-builder-el-71  el_after_av_three_fifth  el_before_av_hr  column-top-margin\" style='border-radius:0px; '><\/div>\n<div   class='hr hr-default   avia-builder-el-72  el_after_av_one_fifth  el_before_av_one_fifth '><span class='hr-inner ' ><span class='hr-inner-style'><\/span><\/span><\/div>\n<div class=\"flex_column av_one_fifth  flex_column_div av-zero-column-padding first  avia-builder-el-73  el_after_av_hr  el_before_av_three_fifth  \" style='border-radius:0px; '><\/div>\n<div class=\"flex_column av_three_fifth  flex_column_div av-zero-column-padding   avia-builder-el-74  el_after_av_one_fifth  el_before_av_one_fifth  \" style='border-radius:0px; '><section class=\"av_textblock_section \"  itemscope=\"itemscope\" itemtype=\"https:\/\/schema.org\/BlogPosting\" itemprop=\"blogPost\" ><div class='avia_textblock  '   itemprop=\"text\" ><p><strong>S\u00f8ndag den 21. november<\/strong><\/p>\n<p style=\"text-align: justify;\">I dag er s\u00f8ndag og ligesom hver s\u00f8ndag arbejder jeg. Jeg skriver dette tekst om morgenen og jeg har haft allerede to lektioner: en hollandsk lektion med en romansk studerende der bor i Belgien og en italiensk lektion med en hollandsk studerende. Om s\u00f8ndagen har jeg normalt altid de samme studerende men s\u00f8ndag er ogs\u00e5 en popul\u00e6r dag. I dag er en interessante dag fordi jeg skal undervise al mine sprog: hollandsk, engelsk, italiensk og fransk. Det er ikke altid nemt men jeg kan godt lide det. Det g\u00f8r mit arbejde interessant. Men jeg har ogs\u00e5 andre sprog der jeg skal bruge i dag. Nu skriver jeg i dansk, men senere skal jeg ogs\u00e5 studere lidt gr\u00e6sk og maske skal jeg ogs\u00e5 lytter til en podcast i catalansk nar jeg dyrke motion. N\u00e6sten hver dag bruger jeg denne sprog. Jeg synes fransk er sproget jeg bruger mindst. Jeg bruger det kun n\u00e5r jeg har en lektion og n\u00e5r jeg lytter til nyhederne. Hver dag pr\u00f8ver jeg at lytter til radionyhederne i ti sprog og fransk er det andet sprog hvor jeg lytter til. At lytter til nyhederne i ti sprog er noget, der tager n\u00e6sten en time.<\/p>\n<\/div><\/section><\/div>\n<div class=\"flex_column av_one_fifth  flex_column_div av-zero-column-padding   avia-builder-el-76  el_after_av_three_fifth  el_before_av_hr  \" style='border-radius:0px; '><\/div>\n<div   class='hr hr-default   avia-builder-el-77  el_after_av_one_fifth  el_before_av_one_fifth '><span class='hr-inner ' ><span class='hr-inner-style'><\/span><\/span><\/div>\n<div class=\"flex_column av_one_fifth  flex_column_div av-zero-column-padding first  avia-builder-el-78  el_after_av_hr  el_before_av_three_fifth  \" style='border-radius:0px; '><\/div>\n<div class=\"flex_column av_three_fifth  flex_column_div av-zero-column-padding   avia-builder-el-79  el_after_av_one_fifth  el_before_av_one_fifth  \" style='border-radius:0px; '><section class=\"av_textblock_section \"  itemscope=\"itemscope\" itemtype=\"https:\/\/schema.org\/BlogPosting\" itemprop=\"blogPost\" ><div class='avia_textblock  '   itemprop=\"text\" ><p><strong>Mandag den 22. november<\/strong><\/p>\n<p style=\"text-align: justify;\">Min mand og jeg er allerede mere end seks \u00e5r gift. Jeg har m\u00f8dtes ham i Italien, n\u00e5r jeg borede i Rome. Det var for n\u00e6sten elleve \u00e5r siden. Vi har boret samme i Rome i et \u00e5r og halve. Bagefter er vi flyttet til Belgien. Der har vi boret i 4 \u00e5r og i to tusinde femten har vi gift og bagefter i februar to tusinde seksten har vi lavet en lang rejse til Sydamerika. Vi var der i seks uger og var i Brasil, i Argentina, i Uruguay og i Panama. Bagefter var vi ogs\u00e5 i Florida, i de Forenede Stater. Vi vendte tilbage til Belgien men kun for 6 m\u00e5neder fordi vi har besluttet at Belgien var for koldt og der var ikke nok solskin. I november har vi flyttede til Madrid, Spaniens hovedstaden. Men f\u00f8r havde os allerede k\u00f8bt en lejlighed in byen. Jeg talte ikke godt spansk og derfor skulle jeg f\u00f8rst spansk studere. I tre m\u00e5neder fulgte jeg et intensivt kursus. Min mand skulle ikke studere spansk fordi han havde studeret spansk p\u00e5 universitet og p\u00e5 sit arbejde i Belgien blev han n\u00f8dt til at bruge spansk hver dag.<\/p>\n<\/div><\/section><\/div>\n<div class=\"flex_column av_one_fifth  flex_column_div av-zero-column-padding   avia-builder-el-81  el_after_av_three_fifth  el_before_av_hr  \" style='border-radius:0px; '><\/div>\n<div   class='hr hr-default   avia-builder-el-82  el_after_av_one_fifth  el_before_av_one_fifth '><span class='hr-inner ' ><span class='hr-inner-style'><\/span><\/span><\/div>\n<div class=\"flex_column av_one_fifth  flex_column_div av-zero-column-padding first  avia-builder-el-83  el_after_av_hr  el_before_av_three_fifth  \" style='border-radius:0px; '><\/div>\n<div class=\"flex_column av_three_fifth  flex_column_div av-zero-column-padding   avia-builder-el-84  el_after_av_one_fifth  el_before_av_one_fifth  \" style='border-radius:0px; '><section class=\"av_textblock_section \"  itemscope=\"itemscope\" itemtype=\"https:\/\/schema.org\/BlogPosting\" itemprop=\"blogPost\" ><div class='avia_textblock  '   itemprop=\"text\" ><p><strong>Tirsdag den 23. november<\/strong><\/p>\n<p style=\"text-align: justify;\">Jeg kan godt lide at l\u00e6se b\u00f8ger. I l\u00f8bet at pandemien har jeg l\u00e6st mange b\u00f8ger is\u00e6r fordi jeg havde ikke et arbejde i 15 m\u00e5ned. N\u00e6sten hver dag l\u00e6ste jeg og hver m\u00e5ned l\u00e6ste jeg tre eller fire b\u00f8ger. Men jeg begynder ogs\u00e5 at studere sprog og n\u00e5r jeg begynder at arbejde igen var jeg n\u00f8dt til at v\u00e6lge og jeg har besluttet at forsatte sprog fordi jeg tror at en god sprogunderviser bliv n\u00f8dt til at v\u00e6re ogs\u00e5 en studerende. Jeg har ogs\u00e5 k\u00f8bt b\u00f8ger til at studere og forst\u00e5 lidt bedre mit modersm\u00e5l. I december vil jeg gerne pr\u00f8ve at l\u00e6se denne b\u00f8ger og i to tusinde toogtyve vil jeg pr\u00f8ve at lease hver m\u00e5ned et bog. Det skal v\u00e6re lidt sv\u00e6rt men jeg synes jeg blev n\u00f8dt at g\u00f8re det. Jeg vil pr\u00f8ve at lease b\u00f8ger i al mine sprog og i hollandsk. Jeg har en lange liste med b\u00f8ger der jeg vil l\u00e6se. At l\u00e6se b\u00f8ger kan mig ogs\u00e5 hj\u00e6lpe at slappe af lidt mere. \u00a0Jeg arbejder mange timer or jeg studerer ogs\u00e5 hver dag og derfor bliv jeg ogs\u00e5 n\u00f8dt til at have nogle aktiviteter der mig hj\u00e6lpe at slappe af.<\/p>\n<\/div><\/section><\/div>\n<div class=\"flex_column av_one_fifth  flex_column_div av-zero-column-padding   avia-builder-el-86  el_after_av_three_fifth  el_before_av_hr  \" style='border-radius:0px; '><\/div>\n<div   class='hr hr-default   avia-builder-el-87  el_after_av_one_fifth  el_before_av_one_fifth '><span class='hr-inner ' ><span class='hr-inner-style'><\/span><\/span><\/div>\n<div class=\"flex_column av_one_fifth  flex_column_div av-zero-column-padding first  avia-builder-el-88  el_after_av_hr  el_before_av_three_fifth  \" style='border-radius:0px; '><\/div>\n<div class=\"flex_column av_three_fifth  flex_column_div av-zero-column-padding   avia-builder-el-89  el_after_av_one_fifth  el_before_av_one_fifth  \" style='border-radius:0px; '><section class=\"av_textblock_section \"  itemscope=\"itemscope\" itemtype=\"https:\/\/schema.org\/BlogPosting\" itemprop=\"blogPost\" ><div class='avia_textblock  '   itemprop=\"text\" ><p><strong>Torsdag den 25. november<\/strong><\/p>\n<p style=\"text-align: justify;\">I dag har jeg arbejdet kun lidt. Jeg har haft kun en kort lektion om morgenen. Dat var en tredive minutters lektion med en studerende fra Mexico der bor i Belgien og der l\u00e6rer flamsk med mig. Om aftenen har jeg haft en lektion engelsk med en pige fra Belgien der engelsk l\u00e6rer med mig. Det var en tris minutters lektion. Jeg har ikke haft mange lektioner i dag fordi vi har gjort rent vores lejlighed. Vi var ikke ofte her i Madrid denne \u00e5r og det var den f\u00f8rste gang at vi har gjort rent denne \u00e5r. Min mand blev ikke n\u00f8dt til at arbejde i dag og vi har gjort mange tinge. Jeg kan ikke lide at gore rent men det er n\u00f8dvendigt. \u00a0Desv\u00e6rre har vi ikke gjort alting hvad vi ville gore men jeg har ikke energi eller lyst at fors\u00e6tte. Ogs\u00e5 fordi jeg har ikke sovet godt i nat og jeg vil gerne i seng tidligt ogs\u00e5 fordi i morgen vil jeg gerne g\u00e5 ud. Min mand gik ud i g\u00e5r med en venner og i morgen vil jeg gerne g\u00e5 ud. Vi g\u00e5r ikke ofte samme ud fordi vi vil ikke efterlade vores hunde alene hjemme.<\/p>\n<\/div><\/section><\/div><div class=\"flex_column av_one_fifth  flex_column_div av-zero-column-padding   avia-builder-el-91  el_after_av_three_fifth  el_before_av_hr  \" style='border-radius:0px; '><\/div><\/p>\n<div   class='hr hr-default   avia-builder-el-92  el_after_av_one_fifth  el_before_av_one_fifth '><span class='hr-inner ' ><span class='hr-inner-style'><\/span><\/span><\/div>\n<div class=\"flex_column av_one_fifth  flex_column_div av-zero-column-padding first  avia-builder-el-93  el_after_av_hr  el_before_av_three_fifth  \" style='border-radius:0px; '><\/div>\n<div class=\"flex_column av_three_fifth  flex_column_div av-zero-column-padding   avia-builder-el-94  el_after_av_one_fifth  el_before_av_one_fifth  \" style='border-radius:0px; '><section class=\"av_textblock_section \"  itemscope=\"itemscope\" itemtype=\"https:\/\/schema.org\/BlogPosting\" itemprop=\"blogPost\" ><div class='avia_textblock  '   itemprop=\"text\" ><p><strong>S\u00f8ndag den 28. november<\/strong><\/p>\n<p style=\"text-align: justify;\">Jeg har besluttet at fokusere p\u00e5 gr\u00e6sk og portugisisk i december. Jeg skal pr\u00f8ve at studere hver dag kun lidt gr\u00e6sk. Nu taler jeg n\u00e6sten ikke gr\u00e6sk. Jeg har studeret det n\u00e6sten hver dag siden september men kun fem minutter hver dag.\u00a0 Jeg kan ikke pr\u00e6sentere mig, men jeg kender lidt alfabeten. Jeg hober at efter en m\u00e5ned med gr\u00e6sk jeg skal det nok kunne taler at have lektioner. Det andet sprog jeg skal studere mere er portugisisk. For ti \u00e5r siden har jeg studeret dette sprog for f\u00f8rste gang og n\u00e6sten \u00e5r har jeg studeret det igen i 3 m\u00e5neder. Nu tog jeg et abonnement p\u00e5 Busuu, en sprogapplikation. Min id\u00e9 er at studere dette sprog hver dag i det mindste femten minutter. Jeg h\u00e5ber det bliver nok til at begynder to tusinde og toogtyve straks i januar med lektioner. Jeg har brugt et bog for at f\u00e5 B2 niveau, men jeg har n\u00e6sten aldrig talt portugisisk. I december skal jeg ogs\u00e5 starter med spanske lektioner; hver uge tredive minutter. Den sidste gang at jeg har haft en spansk lektion var for fire \u00e5r siden. Jeg bor i Spanien, men desv\u00e6rre taler jeg n\u00e6sten aldrig spansk.<\/p>\n<\/div><\/section><\/div><div class=\"flex_column av_one_fifth  flex_column_div av-zero-column-padding   avia-builder-el-96  el_after_av_three_fifth  el_before_av_hr  \" style='border-radius:0px; '><\/div><\/p>\n<div   class='hr hr-default   avia-builder-el-97  el_after_av_one_fifth  el_before_av_one_fifth '><span class='hr-inner ' ><span class='hr-inner-style'><\/span><\/span><\/div>\n<div class=\"flex_column av_one_fifth  flex_column_div av-zero-column-padding first  avia-builder-el-98  el_after_av_hr  el_before_av_three_fifth  \" style='border-radius:0px; '><\/div>\n<div class=\"flex_column av_three_fifth  flex_column_div av-zero-column-padding   avia-builder-el-99  el_after_av_one_fifth  avia-builder-el-last  \" style='border-radius:0px; '><section class=\"av_textblock_section \"  itemscope=\"itemscope\" itemtype=\"https:\/\/schema.org\/BlogPosting\" itemprop=\"blogPost\" ><div class='avia_textblock  '   itemprop=\"text\" ><p><strong>Tirsdag den 30. november<\/strong><\/p>\n<p style=\"text-align: justify;\">Jeg bor i Spanien fordi vejret er bedre her end i Belgien. Vi har solskinnen n\u00e6sten hver dag her i Madrid. Solen er vigtigt for mig. N\u00e5r der er solskin, er jeg glad. Jeg kan ikke lide kulden og her i Madrid er det ofte meget kold om vinteren, men der er n\u00e6sten altid solskinnen n\u00e5r der er kold og det hj\u00e6lper mig at v\u00e6re glad. I Belgien er det kold og der er ikke solskinnen om vinteren. Mange gang er der dage og selv en uge uden solskinnen. Dagene er ogs\u00e5 meget kort om vinteren. Jeg husker at under mit sidste job jeg gik p\u00e5 arbejde da det var stadig m\u00f8rkt og da jeg gik hjem var de m\u00f8rkt igen. Det var forf\u00e6rdeligt for mig. Heldigvis er det ikke s\u00e5 her in Spanien. Dage er l\u00e6ngere om vinteren og kortere om sommeren. Vinteren er ogs\u00e5 korter her. Det er kun meget koldt i januar og lidt i februar og december. Allerede i marts har vi dage med tyve grader. Jeg synes at Madrid har kun to s\u00e6soner: sommer og vinter fordi nar det er tyve grader er det allerede sommer for mig. I Belgien er det nogen gange ikke tyve grader i juli og august.<\/p>\n<\/div><\/section><\/div>\n","protected":false},"excerpt":{"rendered":"<p>This November I am going to write 200 words in Danish E.V.E.R.Y. day. <\/p>\n<p>I just realised after having written my first text that 200 words is actually a lot. I don&#8217;t know if I have enough interesting things in my head to write every single day 200 words but I am going to try.<\/p>\n","protected":false},"author":1,"featured_media":1273,"comment_status":"open","ping_status":"open","sticky":false,"template":"","format":"standard","meta":{"footnotes":""},"categories":[1],"tags":[],"class_list":["post-1267","post","type-post","status-publish","format-standard","has-post-thumbnail","hentry","category-sin-categoria"],"_links":{"self":[{"href":"https:\/\/somethingpolyglot.com\/myblog\/wp-json\/wp\/v2\/posts\/1267","targetHints":{"allow":["GET"]}}],"collection":[{"href":"https:\/\/somethingpolyglot.com\/myblog\/wp-json\/wp\/v2\/posts"}],"about":[{"href":"https:\/\/somethingpolyglot.com\/myblog\/wp-json\/wp\/v2\/types\/post"}],"author":[{"embeddable":true,"href":"https:\/\/somethingpolyglot.com\/myblog\/wp-json\/wp\/v2\/users\/1"}],"replies":[{"embeddable":true,"href":"https:\/\/somethingpolyglot.com\/myblog\/wp-json\/wp\/v2\/comments?post=1267"}],"version-history":[{"count":21,"href":"https:\/\/somethingpolyglot.com\/myblog\/wp-json\/wp\/v2\/posts\/1267\/revisions"}],"predecessor-version":[{"id":1310,"href":"https:\/\/somethingpolyglot.com\/myblog\/wp-json\/wp\/v2\/posts\/1267\/revisions\/1310"}],"wp:featuredmedia":[{"embeddable":true,"href":"https:\/\/somethingpolyglot.com\/myblog\/wp-json\/wp\/v2\/media\/1273"}],"wp:attachment":[{"href":"https:\/\/somethingpolyglot.com\/myblog\/wp-json\/wp\/v2\/media?parent=1267"}],"wp:term":[{"taxonomy":"category","embeddable":true,"href":"https:\/\/somethingpolyglot.com\/myblog\/wp-json\/wp\/v2\/categories?post=1267"},{"taxonomy":"post_tag","embeddable":true,"href":"https:\/\/somethingpolyglot.com\/myblog\/wp-json\/wp\/v2\/tags?post=1267"}],"curies":[{"name":"wp","href":"https:\/\/api.w.org\/{rel}","templated":true}]}}